{"id":263,"date":"2014-09-26T09:17:42","date_gmt":"2014-09-26T08:17:42","guid":{"rendered":"http:\/\/gilou.pasnet.fr\/?p=263"},"modified":"2014-11-05T16:59:35","modified_gmt":"2014-11-05T15:59:35","slug":"jour-21-26-septembre","status":"publish","type":"post","link":"https:\/\/gilou.pasnet.fr\/?p=263","title":{"rendered":"jour 21 : vendredi 26 septembre"},"content":{"rendered":"<p><strong>19h16<\/strong><br \/>\nCoucou de retour&#8230;. d&rsquo;un long parcourt depuis ma bourde . Jai donc rejoins chalon sur saones mercredi soir par la route et dormis au bas fond de saones buen apr\u00e8s les clochards sous des arbres au nord de l&rsquo;eau, un tableau de Van gogh<!--more--> s&rsquo;offrait \u00e0 mon regard, au couch\u00e9 du soleil les couleurs laissant sans voie,&#8230;.ztc g plus de bat&#8230; hier trankill v\u00e9lo roue pas cool 1640 km au total et ce soir jdors peinard(photo) demain lyon la jsuis avant neuville&#8230;. ces deux dernier jour ony \u00e9t\u00e9 ponctu\u00e9 de galere mais relev\u00e9 par les rzncontres de personnes formidables&#8230; jvous en partagerais plus ces prochains jours gros bisous. Et ca y est je sens bien que je touche le sud maintenant&#8230;.<br \/>\n<a href=\"http:\/\/gilou.pasnet.fr\/wp-content\/uploads\/2014\/09\/10647035_378936298929661_4878022556271744516_n.jpg\"><img loading=\"lazy\" class=\"alignnone size-medium wp-image-280\" src=\"http:\/\/gilou.pasnet.fr\/wp-content\/uploads\/2014\/09\/10647035_378936298929661_4878022556271744516_n-300x225.jpg\" alt=\"10647035_378936298929661_4878022556271744516_n\" width=\"300\" height=\"225\" srcset=\"https:\/\/gilou.pasnet.fr\/wp-content\/uploads\/2014\/09\/10647035_378936298929661_4878022556271744516_n-300x225.jpg 300w, https:\/\/gilou.pasnet.fr\/wp-content\/uploads\/2014\/09\/10647035_378936298929661_4878022556271744516_n.jpg 420w\" sizes=\"(max-width: 300px) 100vw, 300px\" \/><\/a><a href=\"http:\/\/gilou.pasnet.fr\/wp-content\/uploads\/2014\/09\/1617693_378937355596222_2328640547482056174_o.jpg\"><img loading=\"lazy\" class=\"alignnone size-medium wp-image-281\" src=\"http:\/\/gilou.pasnet.fr\/wp-content\/uploads\/2014\/09\/1617693_378937355596222_2328640547482056174_o-300x225.jpg\" alt=\"1617693_378937355596222_2328640547482056174_o\" width=\"300\" height=\"225\" srcset=\"https:\/\/gilou.pasnet.fr\/wp-content\/uploads\/2014\/09\/1617693_378937355596222_2328640547482056174_o-300x225.jpg 300w, https:\/\/gilou.pasnet.fr\/wp-content\/uploads\/2014\/09\/1617693_378937355596222_2328640547482056174_o-1024x768.jpg 1024w, https:\/\/gilou.pasnet.fr\/wp-content\/uploads\/2014\/09\/1617693_378937355596222_2328640547482056174_o.jpg 2048w\" sizes=\"(max-width: 300px) 100vw, 300px\" \/><\/a><\/p>\n<p><strong>10h15<\/strong> :<em> Gilles est \u00e0 M\u00e2con en route vers Lyon. Il a des probl\u00e8mes de chargeur de t\u00e9l\u00e9phone.<br \/>\n<a href=\"http:\/\/gilou.pasnet.fr\/wp-content\/uploads\/2014\/09\/vue_aerienne_esplanade_lightbox.jpg\"><img loading=\"lazy\" class=\"alignnone size-medium wp-image-265\" src=\"http:\/\/gilou.pasnet.fr\/wp-content\/uploads\/2014\/09\/vue_aerienne_esplanade_lightbox-214x300.jpg\" alt=\"vue_aerienne_esplanade_lightbox\" width=\"214\" height=\"300\" srcset=\"https:\/\/gilou.pasnet.fr\/wp-content\/uploads\/2014\/09\/vue_aerienne_esplanade_lightbox-214x300.jpg 214w, https:\/\/gilou.pasnet.fr\/wp-content\/uploads\/2014\/09\/vue_aerienne_esplanade_lightbox.jpg 526w\" sizes=\"(max-width: 214px) 100vw, 214px\" \/><\/a><a href=\"http:\/\/gilou.pasnet.fr\/wp-content\/uploads\/2014\/09\/macon.png\"><img loading=\"lazy\" class=\"alignnone size-medium wp-image-267\" src=\"http:\/\/gilou.pasnet.fr\/wp-content\/uploads\/2014\/09\/macon-115x300.png\" alt=\"macon\" width=\"115\" height=\"300\" \/><\/a><br \/>\n<a href=\"http:\/\/gilou.pasnet.fr\/wp-content\/uploads\/2014\/09\/macon0.jpg\"><img loading=\"lazy\" class=\"alignnone size-medium wp-image-272\" src=\"http:\/\/gilou.pasnet.fr\/wp-content\/uploads\/2014\/09\/macon0-300x99.jpg\" alt=\"macon0\" width=\"300\" height=\"99\" srcset=\"https:\/\/gilou.pasnet.fr\/wp-content\/uploads\/2014\/09\/macon0-300x99.jpg 300w, https:\/\/gilou.pasnet.fr\/wp-content\/uploads\/2014\/09\/macon0-1024x339.jpg 1024w\" sizes=\"(max-width: 300px) 100vw, 300px\" \/><\/a><br \/>\nCe matin, son v\u00e9lo a \u00e9t\u00e9 remis en \u00e9tat au D\u00e9cathlon de M\u00e2con. Une roue \u00e9tait voil\u00e9e. Il a \u00e9t\u00e9 chaleureusement\u00a0 accueilli. A 16 heures il est \u00e0 Montmerle sur Sa\u00f4ne (voir ci-dessous).<br \/>\n<a href=\"http:\/\/gilou.pasnet.fr\/wp-content\/uploads\/2014\/09\/montmerle.jpg\"><img loading=\"lazy\" class=\"alignnone size-medium wp-image-276\" src=\"http:\/\/gilou.pasnet.fr\/wp-content\/uploads\/2014\/09\/montmerle-300x225.jpg\" alt=\"montmerle\" width=\"300\" height=\"225\" srcset=\"https:\/\/gilou.pasnet.fr\/wp-content\/uploads\/2014\/09\/montmerle-300x225.jpg 300w, https:\/\/gilou.pasnet.fr\/wp-content\/uploads\/2014\/09\/montmerle.jpg 350w\" sizes=\"(max-width: 300px) 100vw, 300px\" \/><\/a><br \/>\n<\/em><\/p>\n","protected":false},"excerpt":{"rendered":"<p>19h16 Coucou de retour&#8230;. d&rsquo;un long parcourt depuis ma bourde . Jai donc rejoins chalon sur saones mercredi soir par la route et dormis au bas fond de saones buen apr\u00e8s les clochards sous des arbres au nord de l&rsquo;eau, un tableau de Van gogh<\/p><p><a class=\"more-link btn\" href=\"https:\/\/gilou.pasnet.fr\/?p=263\">Lire la suite<\/a><\/p>\n","protected":false},"author":1,"featured_media":0,"comment_status":"open","ping_status":"open","sticky":false,"template":"","format":"standard","meta":[],"categories":[7],"tags":[],"_links":{"self":[{"href":"https:\/\/gilou.pasnet.fr\/index.php?rest_route=\/wp\/v2\/posts\/263"}],"collection":[{"href":"https:\/\/gilou.pasnet.fr\/index.php?rest_route=\/wp\/v2\/posts"}],"about":[{"href":"https:\/\/gilou.pasnet.fr\/index.php?rest_route=\/wp\/v2\/types\/post"}],"author":[{"embeddable":true,"href":"https:\/\/gilou.pasnet.fr\/index.php?rest_route=\/wp\/v2\/users\/1"}],"replies":[{"embeddable":true,"href":"https:\/\/gilou.pasnet.fr\/index.php?rest_route=%2Fwp%2Fv2%2Fcomments&post=263"}],"version-history":[{"count":15,"href":"https:\/\/gilou.pasnet.fr\/index.php?rest_route=\/wp\/v2\/posts\/263\/revisions"}],"predecessor-version":[{"id":365,"href":"https:\/\/gilou.pasnet.fr\/index.php?rest_route=\/wp\/v2\/posts\/263\/revisions\/365"}],"wp:attachment":[{"href":"https:\/\/gilou.pasnet.fr\/index.php?rest_route=%2Fwp%2Fv2%2Fmedia&parent=263"}],"wp:term":[{"taxonomy":"category","embeddable":true,"href":"https:\/\/gilou.pasnet.fr\/index.php?rest_route=%2Fwp%2Fv2%2Fcategories&post=263"},{"taxonomy":"post_tag","embeddable":true,"href":"https:\/\/gilou.pasnet.fr\/index.php?rest_route=%2Fwp%2Fv2%2Ftags&post=263"}],"curies":[{"name":"wp","href":"https:\/\/api.w.org\/{rel}","templated":true}]}}